{"id":1153,"date":"2019-09-09T00:01:30","date_gmt":"2019-09-09T03:01:30","guid":{"rendered":"http:\/\/bedding.com.br\/2018\/?p=1153"},"modified":"2019-03-20T17:58:02","modified_gmt":"2019-03-20T20:58:02","slug":"meu-filho-tem-medo-de-dormir-sozinho-e-agora","status":"publish","type":"post","link":"https:\/\/bedding.com.br\/2018\/meu-filho-tem-medo-de-dormir-sozinho-e-agora\/","title":{"rendered":"Meu filho tem medo de dormir sozinho, e agora!?"},"content":{"rendered":"<p>&#8211; Seja criativo, use t\u00e9cnicas adaptadas \u00e0 idade do seu filho.<\/p>\n<p>Para combater medos imagin\u00e1rios, como monstros, extraterrestres e outros seres que, inexplicavelmente, teimam em habitar os quartos dos nossos filhos, seja criativo. Muitos Pais j\u00e1 aderiram ao \u201cpulverizador antimonstro\u201d por ser um sucesso para acalmar os mais pequeninos na hora de ir dormir.<\/p>\n<p>Os animais de estima\u00e7\u00e3o tamb\u00e9m s\u00e3o \u00f3ptimos guardi\u00f5es do sono e sonhos infantis. At\u00e9 mesmo um aqu\u00e1rio com peixes colocado no quarto, pode ajudar as crian\u00e7as a controlar e dominar o seu espa\u00e7o contra os seres imagin\u00e1rios.<\/p>\n<p>&#8211; Nunca desvalorize os medos do seu filho.<\/p>\n<p>Os medos de uma crian\u00e7a s\u00e3o reais, ainda que os monstros n\u00e3o sejam. As crian\u00e7as precisam da prote\u00e7\u00e3o dos pais, para se sentirem seguras e perderem os medos. N\u00e3o os deixe perder esse direito.<\/p>\n","protected":false},"excerpt":{"rendered":"<p>&#8211; Seja criativo, use t\u00e9cnicas adaptadas \u00e0 idade do seu filho. Para combater medos imagin\u00e1rios, como monstros, extraterrestres e outros seres que, inexplicavelmente, teimam em habitar os quartos dos nossos filhos, seja criativo. Muitos Pais j\u00e1 aderiram ao \u201cpulverizador antimonstro\u201d por ser um sucesso para acalmar os mais pequeninos na hora de ir dormir. Os [&hellip;]<\/p>\n","protected":false},"author":2,"featured_media":1370,"comment_status":"open","ping_status":"open","sticky":false,"template":"","format":"standard","meta":{"iawp_total_views":4,"_joinchat":[],"footnotes":""},"categories":[24],"tags":[],"class_list":["post-1153","post","type-post","status-publish","format-standard","has-post-thumbnail","hentry","category-dicas"],"yoast_head":"<!-- This site is optimized with the Yoast SEO plugin v24.3 - https:\/\/yoast.com\/wordpress\/plugins\/seo\/ -->\n<title>Meu filho tem medo de dormir sozinho, e agora!? - Bedding Sleep Store<\/title>\n<meta name=\"robots\" content=\"index, follow, max-snippet:-1, max-image-preview:large, max-video-preview:-1\" \/>\n<link rel=\"canonical\" href=\"https:\/\/bedding.com.br\/2018\/meu-filho-tem-medo-de-dormir-sozinho-e-agora\/\" \/>\n<meta property=\"og:locale\" content=\"pt_BR\" \/>\n<meta property=\"og:type\" content=\"article\" \/>\n<meta property=\"og:title\" content=\"Meu filho tem medo de dormir sozinho, e agora!? - Bedding Sleep Store\" \/>\n<meta property=\"og:description\" content=\"&#8211; Seja criativo, use t\u00e9cnicas adaptadas \u00e0 idade do seu filho. Para combater medos imagin\u00e1rios, como monstros, extraterrestres e outros seres que, inexplicavelmente, teimam em habitar os quartos dos nossos filhos, seja criativo. Muitos Pais j\u00e1 aderiram ao \u201cpulverizador antimonstro\u201d por ser um sucesso para acalmar os mais pequeninos na hora de ir dormir. Os [&hellip;]\" \/>\n<meta property=\"og:url\" content=\"https:\/\/bedding.com.br\/2018\/meu-filho-tem-medo-de-dormir-sozinho-e-agora\/\" \/>\n<meta property=\"og:site_name\" content=\"Bedding Sleep Store\" \/>\n<meta property=\"article:published_time\" content=\"2019-09-09T03:01:30+00:00\" \/>\n<meta property=\"article:modified_time\" content=\"2019-03-20T20:58:02+00:00\" \/>\n<meta property=\"og:image\" content=\"https:\/\/bedding.com.br\/2018\/wp-content\/uploads\/2018\/12\/kisspng-hypnotic-sleep-insomnia-dietary-supplement-disease-5ae5e1f76b72f5.8270466415250150314401.jpg\" \/>\n\t<meta property=\"og:image:width\" content=\"900\" \/>\n\t<meta property=\"og:image:height\" content=\"900\" \/>\n\t<meta property=\"og:image:type\" content=\"image\/jpeg\" \/>\n<meta name=\"author\" content=\"Bedding\" \/>\n<meta name=\"twitter:card\" content=\"summary_large_image\" \/>\n<meta name=\"twitter:label1\" content=\"Escrito por\" \/>\n\t<meta name=\"twitter:data1\" content=\"Bedding\" \/>\n\t<meta name=\"twitter:label2\" content=\"Est. tempo de leitura\" \/>\n\t<meta name=\"twitter:data2\" content=\"1 minuto\" \/>\n<script type=\"application\/ld+json\" class=\"yoast-schema-graph\">{\"@context\":\"https:\/\/schema.org\",\"@graph\":[{\"@type\":\"Article\",\"@id\":\"https:\/\/bedding.com.br\/2018\/meu-filho-tem-medo-de-dormir-sozinho-e-agora\/#article\",\"isPartOf\":{\"@id\":\"https:\/\/bedding.com.br\/2018\/meu-filho-tem-medo-de-dormir-sozinho-e-agora\/\"},\"author\":{\"name\":\"Bedding\",\"@id\":\"https:\/\/bedding.com.br\/2018\/#\/schema\/person\/15da7a6078a3c12912555e90a21a98bd\"},\"headline\":\"Meu filho tem medo de dormir sozinho, e agora!?\",\"datePublished\":\"2019-09-09T03:01:30+00:00\",\"dateModified\":\"2019-03-20T20:58:02+00:00\",\"mainEntityOfPage\":{\"@id\":\"https:\/\/bedding.com.br\/2018\/meu-filho-tem-medo-de-dormir-sozinho-e-agora\/\"},\"wordCount\":157,\"commentCount\":0,\"publisher\":{\"@id\":\"https:\/\/bedding.com.br\/2018\/#organization\"},\"image\":{\"@id\":\"https:\/\/bedding.com.br\/2018\/meu-filho-tem-medo-de-dormir-sozinho-e-agora\/#primaryimage\"},\"thumbnailUrl\":\"https:\/\/bedding.com.br\/2018\/wp-content\/uploads\/2018\/12\/kisspng-hypnotic-sleep-insomnia-dietary-supplement-disease-5ae5e1f76b72f5.8270466415250150314401.jpg\",\"articleSection\":[\"Dicas\"],\"inLanguage\":\"pt-BR\",\"potentialAction\":[{\"@type\":\"CommentAction\",\"name\":\"Comment\",\"target\":[\"https:\/\/bedding.com.br\/2018\/meu-filho-tem-medo-de-dormir-sozinho-e-agora\/#respond\"]}]},{\"@type\":\"WebPage\",\"@id\":\"https:\/\/bedding.com.br\/2018\/meu-filho-tem-medo-de-dormir-sozinho-e-agora\/\",\"url\":\"https:\/\/bedding.com.br\/2018\/meu-filho-tem-medo-de-dormir-sozinho-e-agora\/\",\"name\":\"Meu filho tem medo de dormir sozinho, e agora!? - Bedding Sleep Store\",\"isPartOf\":{\"@id\":\"https:\/\/bedding.com.br\/2018\/#website\"},\"primaryImageOfPage\":{\"@id\":\"https:\/\/bedding.com.br\/2018\/meu-filho-tem-medo-de-dormir-sozinho-e-agora\/#primaryimage\"},\"image\":{\"@id\":\"https:\/\/bedding.com.br\/2018\/meu-filho-tem-medo-de-dormir-sozinho-e-agora\/#primaryimage\"},\"thumbnailUrl\":\"https:\/\/bedding.com.br\/2018\/wp-content\/uploads\/2018\/12\/kisspng-hypnotic-sleep-insomnia-dietary-supplement-disease-5ae5e1f76b72f5.8270466415250150314401.jpg\",\"datePublished\":\"2019-09-09T03:01:30+00:00\",\"dateModified\":\"2019-03-20T20:58:02+00:00\",\"breadcrumb\":{\"@id\":\"https:\/\/bedding.com.br\/2018\/meu-filho-tem-medo-de-dormir-sozinho-e-agora\/#breadcrumb\"},\"inLanguage\":\"pt-BR\",\"potentialAction\":[{\"@type\":\"ReadAction\",\"target\":[\"https:\/\/bedding.com.br\/2018\/meu-filho-tem-medo-de-dormir-sozinho-e-agora\/\"]}]},{\"@type\":\"ImageObject\",\"inLanguage\":\"pt-BR\",\"@id\":\"https:\/\/bedding.com.br\/2018\/meu-filho-tem-medo-de-dormir-sozinho-e-agora\/#primaryimage\",\"url\":\"https:\/\/bedding.com.br\/2018\/wp-content\/uploads\/2018\/12\/kisspng-hypnotic-sleep-insomnia-dietary-supplement-disease-5ae5e1f76b72f5.8270466415250150314401.jpg\",\"contentUrl\":\"https:\/\/bedding.com.br\/2018\/wp-content\/uploads\/2018\/12\/kisspng-hypnotic-sleep-insomnia-dietary-supplement-disease-5ae5e1f76b72f5.8270466415250150314401.jpg\",\"width\":900,\"height\":900},{\"@type\":\"BreadcrumbList\",\"@id\":\"https:\/\/bedding.com.br\/2018\/meu-filho-tem-medo-de-dormir-sozinho-e-agora\/#breadcrumb\",\"itemListElement\":[{\"@type\":\"ListItem\",\"position\":1,\"name\":\"In\u00edcio\",\"item\":\"https:\/\/bedding.com.br\/2018\/bedding-2024\/\"},{\"@type\":\"ListItem\",\"position\":2,\"name\":\"Meu filho tem medo de dormir sozinho, e agora!?\"}]},{\"@type\":\"WebSite\",\"@id\":\"https:\/\/bedding.com.br\/2018\/#website\",\"url\":\"https:\/\/bedding.com.br\/2018\/\",\"name\":\"Bedding Sleep Store\",\"description\":\"Dormir bem \u00e9 viver bem.\",\"publisher\":{\"@id\":\"https:\/\/bedding.com.br\/2018\/#organization\"},\"potentialAction\":[{\"@type\":\"SearchAction\",\"target\":{\"@type\":\"EntryPoint\",\"urlTemplate\":\"https:\/\/bedding.com.br\/2018\/?s={search_term_string}\"},\"query-input\":{\"@type\":\"PropertyValueSpecification\",\"valueRequired\":true,\"valueName\":\"search_term_string\"}}],\"inLanguage\":\"pt-BR\"},{\"@type\":\"Organization\",\"@id\":\"https:\/\/bedding.com.br\/2018\/#organization\",\"name\":\"Bedding Sleep Store\",\"url\":\"https:\/\/bedding.com.br\/2018\/\",\"logo\":{\"@type\":\"ImageObject\",\"inLanguage\":\"pt-BR\",\"@id\":\"https:\/\/bedding.com.br\/2018\/#\/schema\/logo\/image\/\",\"url\":\"https:\/\/bedding.com.br\/2018\/wp-content\/uploads\/2020\/02\/logo1.png\",\"contentUrl\":\"https:\/\/bedding.com.br\/2018\/wp-content\/uploads\/2020\/02\/logo1.png\",\"width\":556,\"height\":170,\"caption\":\"Bedding Sleep Store\"},\"image\":{\"@id\":\"https:\/\/bedding.com.br\/2018\/#\/schema\/logo\/image\/\"},\"sameAs\":[\"https:\/\/www.instagram.com\/beddingsleepstore\"]},{\"@type\":\"Person\",\"@id\":\"https:\/\/bedding.com.br\/2018\/#\/schema\/person\/15da7a6078a3c12912555e90a21a98bd\",\"name\":\"Bedding\",\"image\":{\"@type\":\"ImageObject\",\"inLanguage\":\"pt-BR\",\"@id\":\"https:\/\/bedding.com.br\/2018\/#\/schema\/person\/image\/\",\"url\":\"https:\/\/secure.gravatar.com\/avatar\/e0baf46ddafaba583532d549ab18fa7c?s=96&d=mm&r=g\",\"contentUrl\":\"https:\/\/secure.gravatar.com\/avatar\/e0baf46ddafaba583532d549ab18fa7c?s=96&d=mm&r=g\",\"caption\":\"Bedding\"},\"url\":\"https:\/\/bedding.com.br\/2018\/author\/giulianna\/\"}]}<\/script>\n<!-- \/ Yoast SEO plugin. -->","yoast_head_json":{"title":"Meu filho tem medo de dormir sozinho, e agora!? - Bedding Sleep Store","robots":{"index":"index","follow":"follow","max-snippet":"max-snippet:-1","max-image-preview":"max-image-preview:large","max-video-preview":"max-video-preview:-1"},"canonical":"https:\/\/bedding.com.br\/2018\/meu-filho-tem-medo-de-dormir-sozinho-e-agora\/","og_locale":"pt_BR","og_type":"article","og_title":"Meu filho tem medo de dormir sozinho, e agora!? - Bedding Sleep Store","og_description":"&#8211; Seja criativo, use t\u00e9cnicas adaptadas \u00e0 idade do seu filho. Para combater medos imagin\u00e1rios, como monstros, extraterrestres e outros seres que, inexplicavelmente, teimam em habitar os quartos dos nossos filhos, seja criativo. Muitos Pais j\u00e1 aderiram ao \u201cpulverizador antimonstro\u201d por ser um sucesso para acalmar os mais pequeninos na hora de ir dormir. Os [&hellip;]","og_url":"https:\/\/bedding.com.br\/2018\/meu-filho-tem-medo-de-dormir-sozinho-e-agora\/","og_site_name":"Bedding Sleep Store","article_published_time":"2019-09-09T03:01:30+00:00","article_modified_time":"2019-03-20T20:58:02+00:00","og_image":[{"width":900,"height":900,"url":"https:\/\/bedding.com.br\/2018\/wp-content\/uploads\/2018\/12\/kisspng-hypnotic-sleep-insomnia-dietary-supplement-disease-5ae5e1f76b72f5.8270466415250150314401.jpg","type":"image\/jpeg"}],"author":"Bedding","twitter_card":"summary_large_image","twitter_misc":{"Escrito por":"Bedding","Est. tempo de leitura":"1 minuto"},"schema":{"@context":"https:\/\/schema.org","@graph":[{"@type":"Article","@id":"https:\/\/bedding.com.br\/2018\/meu-filho-tem-medo-de-dormir-sozinho-e-agora\/#article","isPartOf":{"@id":"https:\/\/bedding.com.br\/2018\/meu-filho-tem-medo-de-dormir-sozinho-e-agora\/"},"author":{"name":"Bedding","@id":"https:\/\/bedding.com.br\/2018\/#\/schema\/person\/15da7a6078a3c12912555e90a21a98bd"},"headline":"Meu filho tem medo de dormir sozinho, e agora!?","datePublished":"2019-09-09T03:01:30+00:00","dateModified":"2019-03-20T20:58:02+00:00","mainEntityOfPage":{"@id":"https:\/\/bedding.com.br\/2018\/meu-filho-tem-medo-de-dormir-sozinho-e-agora\/"},"wordCount":157,"commentCount":0,"publisher":{"@id":"https:\/\/bedding.com.br\/2018\/#organization"},"image":{"@id":"https:\/\/bedding.com.br\/2018\/meu-filho-tem-medo-de-dormir-sozinho-e-agora\/#primaryimage"},"thumbnailUrl":"https:\/\/bedding.com.br\/2018\/wp-content\/uploads\/2018\/12\/kisspng-hypnotic-sleep-insomnia-dietary-supplement-disease-5ae5e1f76b72f5.8270466415250150314401.jpg","articleSection":["Dicas"],"inLanguage":"pt-BR","potentialAction":[{"@type":"CommentAction","name":"Comment","target":["https:\/\/bedding.com.br\/2018\/meu-filho-tem-medo-de-dormir-sozinho-e-agora\/#respond"]}]},{"@type":"WebPage","@id":"https:\/\/bedding.com.br\/2018\/meu-filho-tem-medo-de-dormir-sozinho-e-agora\/","url":"https:\/\/bedding.com.br\/2018\/meu-filho-tem-medo-de-dormir-sozinho-e-agora\/","name":"Meu filho tem medo de dormir sozinho, e agora!? - Bedding Sleep Store","isPartOf":{"@id":"https:\/\/bedding.com.br\/2018\/#website"},"primaryImageOfPage":{"@id":"https:\/\/bedding.com.br\/2018\/meu-filho-tem-medo-de-dormir-sozinho-e-agora\/#primaryimage"},"image":{"@id":"https:\/\/bedding.com.br\/2018\/meu-filho-tem-medo-de-dormir-sozinho-e-agora\/#primaryimage"},"thumbnailUrl":"https:\/\/bedding.com.br\/2018\/wp-content\/uploads\/2018\/12\/kisspng-hypnotic-sleep-insomnia-dietary-supplement-disease-5ae5e1f76b72f5.8270466415250150314401.jpg","datePublished":"2019-09-09T03:01:30+00:00","dateModified":"2019-03-20T20:58:02+00:00","breadcrumb":{"@id":"https:\/\/bedding.com.br\/2018\/meu-filho-tem-medo-de-dormir-sozinho-e-agora\/#breadcrumb"},"inLanguage":"pt-BR","potentialAction":[{"@type":"ReadAction","target":["https:\/\/bedding.com.br\/2018\/meu-filho-tem-medo-de-dormir-sozinho-e-agora\/"]}]},{"@type":"ImageObject","inLanguage":"pt-BR","@id":"https:\/\/bedding.com.br\/2018\/meu-filho-tem-medo-de-dormir-sozinho-e-agora\/#primaryimage","url":"https:\/\/bedding.com.br\/2018\/wp-content\/uploads\/2018\/12\/kisspng-hypnotic-sleep-insomnia-dietary-supplement-disease-5ae5e1f76b72f5.8270466415250150314401.jpg","contentUrl":"https:\/\/bedding.com.br\/2018\/wp-content\/uploads\/2018\/12\/kisspng-hypnotic-sleep-insomnia-dietary-supplement-disease-5ae5e1f76b72f5.8270466415250150314401.jpg","width":900,"height":900},{"@type":"BreadcrumbList","@id":"https:\/\/bedding.com.br\/2018\/meu-filho-tem-medo-de-dormir-sozinho-e-agora\/#breadcrumb","itemListElement":[{"@type":"ListItem","position":1,"name":"In\u00edcio","item":"https:\/\/bedding.com.br\/2018\/bedding-2024\/"},{"@type":"ListItem","position":2,"name":"Meu filho tem medo de dormir sozinho, e agora!?"}]},{"@type":"WebSite","@id":"https:\/\/bedding.com.br\/2018\/#website","url":"https:\/\/bedding.com.br\/2018\/","name":"Bedding Sleep Store","description":"Dormir bem \u00e9 viver bem.","publisher":{"@id":"https:\/\/bedding.com.br\/2018\/#organization"},"potentialAction":[{"@type":"SearchAction","target":{"@type":"EntryPoint","urlTemplate":"https:\/\/bedding.com.br\/2018\/?s={search_term_string}"},"query-input":{"@type":"PropertyValueSpecification","valueRequired":true,"valueName":"search_term_string"}}],"inLanguage":"pt-BR"},{"@type":"Organization","@id":"https:\/\/bedding.com.br\/2018\/#organization","name":"Bedding Sleep Store","url":"https:\/\/bedding.com.br\/2018\/","logo":{"@type":"ImageObject","inLanguage":"pt-BR","@id":"https:\/\/bedding.com.br\/2018\/#\/schema\/logo\/image\/","url":"https:\/\/bedding.com.br\/2018\/wp-content\/uploads\/2020\/02\/logo1.png","contentUrl":"https:\/\/bedding.com.br\/2018\/wp-content\/uploads\/2020\/02\/logo1.png","width":556,"height":170,"caption":"Bedding Sleep Store"},"image":{"@id":"https:\/\/bedding.com.br\/2018\/#\/schema\/logo\/image\/"},"sameAs":["https:\/\/www.instagram.com\/beddingsleepstore"]},{"@type":"Person","@id":"https:\/\/bedding.com.br\/2018\/#\/schema\/person\/15da7a6078a3c12912555e90a21a98bd","name":"Bedding","image":{"@type":"ImageObject","inLanguage":"pt-BR","@id":"https:\/\/bedding.com.br\/2018\/#\/schema\/person\/image\/","url":"https:\/\/secure.gravatar.com\/avatar\/e0baf46ddafaba583532d549ab18fa7c?s=96&d=mm&r=g","contentUrl":"https:\/\/secure.gravatar.com\/avatar\/e0baf46ddafaba583532d549ab18fa7c?s=96&d=mm&r=g","caption":"Bedding"},"url":"https:\/\/bedding.com.br\/2018\/author\/giulianna\/"}]}},"_links":{"self":[{"href":"https:\/\/bedding.com.br\/2018\/wp-json\/wp\/v2\/posts\/1153","targetHints":{"allow":["GET"]}}],"collection":[{"href":"https:\/\/bedding.com.br\/2018\/wp-json\/wp\/v2\/posts"}],"about":[{"href":"https:\/\/bedding.com.br\/2018\/wp-json\/wp\/v2\/types\/post"}],"author":[{"embeddable":true,"href":"https:\/\/bedding.com.br\/2018\/wp-json\/wp\/v2\/users\/2"}],"replies":[{"embeddable":true,"href":"https:\/\/bedding.com.br\/2018\/wp-json\/wp\/v2\/comments?post=1153"}],"version-history":[{"count":1,"href":"https:\/\/bedding.com.br\/2018\/wp-json\/wp\/v2\/posts\/1153\/revisions"}],"predecessor-version":[{"id":1154,"href":"https:\/\/bedding.com.br\/2018\/wp-json\/wp\/v2\/posts\/1153\/revisions\/1154"}],"wp:featuredmedia":[{"embeddable":true,"href":"https:\/\/bedding.com.br\/2018\/wp-json\/wp\/v2\/media\/1370"}],"wp:attachment":[{"href":"https:\/\/bedding.com.br\/2018\/wp-json\/wp\/v2\/media?parent=1153"}],"wp:term":[{"taxonomy":"category","embeddable":true,"href":"https:\/\/bedding.com.br\/2018\/wp-json\/wp\/v2\/categories?post=1153"},{"taxonomy":"post_tag","embeddable":true,"href":"https:\/\/bedding.com.br\/2018\/wp-json\/wp\/v2\/tags?post=1153"}],"curies":[{"name":"wp","href":"https:\/\/api.w.org\/{rel}","templated":true}]}}